{"id":1072,"date":"2016-05-04T21:46:08","date_gmt":"2016-05-04T21:46:08","guid":{"rendered":"http:\/\/tom-et-ma.fr\/thehouse2\/?p=1072"},"modified":"2016-05-11T18:52:37","modified_gmt":"2016-05-11T18:52:37","slug":"piece-technique-au-sous-sol","status":"publish","type":"post","link":"https:\/\/tom-et-ma.fr\/thehouse2\/?p=1072","title":{"rendered":"Pi\u00e8ce technique au sous sol"},"content":{"rendered":"<p>Chape anhydrite coul\u00e9e, faut pr\u00e9parer la pi\u00e8ce du sous sol qui va recevoir les \u00e9quipements techniques:<\/p>\n<p>VMC double flux,<\/p>\n<p>aspiration centralis\u00e9e,<\/p>\n<p>pompe \u00e0 chaleur (PAC) avec le cumulus,<\/p>\n<p>arriv\u00e9e d&rsquo;eau et d\u00e9parts&#8230;<\/p>\n<p>La pi\u00e8ce doit \u00eatre isol\u00e9e pour consid\u00e9rer que les \u00e9quipements sont en zone chauff\u00e9e (VMC et PAC) et limiter leurs pertes thermiques.<\/p>\n<p>Pose de 160mm de laine de bois contre les murs puis 40mm entre les liteaux soit 200mm au total. On remarque la nourrice pour l&rsquo;eau froide.<\/p>\n<p><img loading=\"lazy\" class=\"aligncenter size-full wp-image-1013\" src=\"http:\/\/tom-et-ma.fr\/thehouse2\/wp-content\/uploads\/2016\/05\/20160424_124255.jpg\" alt=\"20160424_124255\" width=\"422\" height=\"750\" srcset=\"https:\/\/tom-et-ma.fr\/thehouse2\/wp-content\/uploads\/2016\/05\/20160424_124255.jpg 422w, https:\/\/tom-et-ma.fr\/thehouse2\/wp-content\/uploads\/2016\/05\/20160424_124255-169x300.jpg 169w, https:\/\/tom-et-ma.fr\/thehouse2\/wp-content\/uploads\/2016\/05\/20160424_124255-84x150.jpg 84w\" sizes=\"(max-width: 422px) 100vw, 422px\" \/><\/p>\n<p>Le bloc aspirant\u00a0pour l&rsquo;aspiration centralis\u00e9e, bal\u00e8ze!<\/p>\n<p><img loading=\"lazy\" class=\"aligncenter size-full wp-image-1016\" src=\"http:\/\/tom-et-ma.fr\/thehouse2\/wp-content\/uploads\/2016\/05\/WP_20160430_16_38_46_Pro.jpg\" alt=\"WP_20160430_16_38_46_Pro\" width=\"423\" height=\"750\" srcset=\"https:\/\/tom-et-ma.fr\/thehouse2\/wp-content\/uploads\/2016\/05\/WP_20160430_16_38_46_Pro.jpg 423w, https:\/\/tom-et-ma.fr\/thehouse2\/wp-content\/uploads\/2016\/05\/WP_20160430_16_38_46_Pro-169x300.jpg 169w, https:\/\/tom-et-ma.fr\/thehouse2\/wp-content\/uploads\/2016\/05\/WP_20160430_16_38_46_Pro-85x150.jpg 85w\" sizes=\"(max-width: 423px) 100vw, 423px\" \/><\/p>\n<p>Pose de l&rsquo;isolant au sol (2 couches de 60mm de polystyr\u00e8ne) by Mama. Les tuyaux rouge qui tombent au sol seront connect\u00e9s \u00e0 la PAC pour chauffer le sol et les tuyaux en haut \u00e0 gauche sont pour la VMC<img loading=\"lazy\" class=\"aligncenter size-full wp-image-1015\" src=\"http:\/\/tom-et-ma.fr\/thehouse2\/wp-content\/uploads\/2016\/05\/WP_20160430_16_38_35_Pro.jpg\" alt=\"WP_20160430_16_38_35_Pro\" width=\"423\" height=\"750\" srcset=\"https:\/\/tom-et-ma.fr\/thehouse2\/wp-content\/uploads\/2016\/05\/WP_20160430_16_38_35_Pro.jpg 423w, https:\/\/tom-et-ma.fr\/thehouse2\/wp-content\/uploads\/2016\/05\/WP_20160430_16_38_35_Pro-169x300.jpg 169w, https:\/\/tom-et-ma.fr\/thehouse2\/wp-content\/uploads\/2016\/05\/WP_20160430_16_38_35_Pro-85x150.jpg 85w\" sizes=\"(max-width: 423px) 100vw, 423px\" \/><\/p>\n<p>Pose d&rsquo;un grillage en acier sur l&rsquo;isolant et chape b\u00e9ton de 5cm coul\u00e9e par dessus. Thomas a\u00a0rajout\u00e9 au fond un syst\u00e8me d&rsquo;\u00e9vacuation des condensats de la VMC et du groupe de s\u00e9curit\u00e9 du cumulus&#8230;<\/p>\n<p><img loading=\"lazy\" class=\"aligncenter size-full wp-image-1014\" src=\"http:\/\/tom-et-ma.fr\/thehouse2\/wp-content\/uploads\/2016\/05\/P1050708.jpg\" alt=\"P1050708\" width=\"500\" height=\"750\" srcset=\"https:\/\/tom-et-ma.fr\/thehouse2\/wp-content\/uploads\/2016\/05\/P1050708.jpg 500w, https:\/\/tom-et-ma.fr\/thehouse2\/wp-content\/uploads\/2016\/05\/P1050708-200x300.jpg 200w, https:\/\/tom-et-ma.fr\/thehouse2\/wp-content\/uploads\/2016\/05\/P1050708-100x150.jpg 100w\" sizes=\"(max-width: 500px) 100vw, 500px\" \/><\/p>\n<p>&nbsp;<\/p>\n<p>L&rsquo;essentiel est fait, reste bien s\u00fbr \u00e0 raccorder tout les \u00e9quipements&#8230; \u00e0 suivre<\/p>\n","protected":false},"excerpt":{"rendered":"<p>Chape anhydrite coul\u00e9e, faut pr\u00e9parer la pi\u00e8ce du sous sol qui va recevoir les \u00e9quipements techniques: VMC double flux, aspiration centralis\u00e9e, pompe \u00e0 chaleur (PAC) avec le cumulus, arriv\u00e9e d&rsquo;eau et d\u00e9parts&#8230; La pi\u00e8ce doit \u00eatre isol\u00e9e pour consid\u00e9rer que les \u00e9quipements sont en zone chauff\u00e9e (VMC et PAC) et \u2026<\/p>\n<p> <a class=\"continue-reading-link\" href=\"https:\/\/tom-et-ma.fr\/thehouse2\/?p=1072\">Continuer \u00e0 lire<i class=\"icon-right-dir\"><\/i><\/a><\/p>\n","protected":false},"author":1,"featured_media":1015,"comment_status":"open","ping_status":"open","sticky":false,"template":"","format":"standard","meta":[],"categories":[105],"tags":[107,106,103,83],"_links":{"self":[{"href":"https:\/\/tom-et-ma.fr\/thehouse2\/index.php?rest_route=\/wp\/v2\/posts\/1072"}],"collection":[{"href":"https:\/\/tom-et-ma.fr\/thehouse2\/index.php?rest_route=\/wp\/v2\/posts"}],"about":[{"href":"https:\/\/tom-et-ma.fr\/thehouse2\/index.php?rest_route=\/wp\/v2\/types\/post"}],"author":[{"embeddable":true,"href":"https:\/\/tom-et-ma.fr\/thehouse2\/index.php?rest_route=\/wp\/v2\/users\/1"}],"replies":[{"embeddable":true,"href":"https:\/\/tom-et-ma.fr\/thehouse2\/index.php?rest_route=%2Fwp%2Fv2%2Fcomments&post=1072"}],"version-history":[{"count":1,"href":"https:\/\/tom-et-ma.fr\/thehouse2\/index.php?rest_route=\/wp\/v2\/posts\/1072\/revisions"}],"predecessor-version":[{"id":1073,"href":"https:\/\/tom-et-ma.fr\/thehouse2\/index.php?rest_route=\/wp\/v2\/posts\/1072\/revisions\/1073"}],"wp:featuredmedia":[{"embeddable":true,"href":"https:\/\/tom-et-ma.fr\/thehouse2\/index.php?rest_route=\/wp\/v2\/media\/1015"}],"wp:attachment":[{"href":"https:\/\/tom-et-ma.fr\/thehouse2\/index.php?rest_route=%2Fwp%2Fv2%2Fmedia&parent=1072"}],"wp:term":[{"taxonomy":"category","embeddable":true,"href":"https:\/\/tom-et-ma.fr\/thehouse2\/index.php?rest_route=%2Fwp%2Fv2%2Fcategories&post=1072"},{"taxonomy":"post_tag","embeddable":true,"href":"https:\/\/tom-et-ma.fr\/thehouse2\/index.php?rest_route=%2Fwp%2Fv2%2Ftags&post=1072"}],"curies":[{"name":"wp","href":"https:\/\/api.w.org\/{rel}","templated":true}]}}