{"id":1274,"date":"2016-10-16T19:36:48","date_gmt":"2016-10-16T19:36:48","guid":{"rendered":"http:\/\/tom-et-ma.fr\/thehouse2\/?p=1274"},"modified":"2016-11-01T19:47:12","modified_gmt":"2016-11-01T19:47:12","slug":"premier-bain","status":"publish","type":"post","link":"https:\/\/tom-et-ma.fr\/thehouse2\/?p=1274","title":{"rendered":"Premier bain!!"},"content":{"rendered":"<p>C&rsquo;est la derni\u00e8re ligne droit avant le premier bain et surement le dernier pour cette ann\u00e9e car \u00e7a commence \u00e0 cailler!!<\/p>\n<p>&nbsp;<\/p>\n<p>Apr\u00e8s un grand nettoyage du fond et des parois, on colle le feutre:<\/p>\n<p><img loading=\"lazy\" class=\"aligncenter size-full wp-image-1280\" src=\"http:\/\/tom-et-ma.fr\/thehouse2\/wp-content\/uploads\/2016\/11\/P1060235.jpg\" alt=\"p1060235\" width=\"500\" height=\"750\" srcset=\"https:\/\/tom-et-ma.fr\/thehouse2\/wp-content\/uploads\/2016\/11\/P1060235.jpg 500w, https:\/\/tom-et-ma.fr\/thehouse2\/wp-content\/uploads\/2016\/11\/P1060235-200x300.jpg 200w, https:\/\/tom-et-ma.fr\/thehouse2\/wp-content\/uploads\/2016\/11\/P1060235-100x150.jpg 100w\" sizes=\"(max-width: 500px) 100vw, 500px\" \/><\/p>\n<p>Merci \u00e0 Sandrine, la cousine \u00e0 Marie qui est venue nous aider \u00e0 poser le liner&#8230;<\/p>\n<p>D\u00e9but du long remplissage des 50m3 d&rsquo;eau ( quasiment 16h non stop):<\/p>\n<p><img loading=\"lazy\" class=\"aligncenter size-full wp-image-1275\" src=\"http:\/\/tom-et-ma.fr\/thehouse2\/wp-content\/uploads\/2016\/11\/P1060239.jpg\" alt=\"p1060239\" width=\"500\" height=\"750\" srcset=\"https:\/\/tom-et-ma.fr\/thehouse2\/wp-content\/uploads\/2016\/11\/P1060239.jpg 500w, https:\/\/tom-et-ma.fr\/thehouse2\/wp-content\/uploads\/2016\/11\/P1060239-200x300.jpg 200w, https:\/\/tom-et-ma.fr\/thehouse2\/wp-content\/uploads\/2016\/11\/P1060239-100x150.jpg 100w\" sizes=\"(max-width: 500px) 100vw, 500px\" \/><\/p>\n<p>Et voila, apr\u00e8s quelques r\u00e9parations de fuites au niveau du local technique situ\u00e9 au sous sol, la voila tr\u00e8s accueillante au moindre rayon de soleil!!<\/p>\n<p>D&rsquo;ailleurs Eaven irait bien se rafra\u00eechir un peu&#8230;<br \/>\n<img loading=\"lazy\" class=\"aligncenter size-full wp-image-1276\" src=\"http:\/\/tom-et-ma.fr\/thehouse2\/wp-content\/uploads\/2016\/11\/P1060255.jpg\" alt=\"p1060255\" width=\"1125\" height=\"750\" srcset=\"https:\/\/tom-et-ma.fr\/thehouse2\/wp-content\/uploads\/2016\/11\/P1060255.jpg 1125w, https:\/\/tom-et-ma.fr\/thehouse2\/wp-content\/uploads\/2016\/11\/P1060255-300x200.jpg 300w, https:\/\/tom-et-ma.fr\/thehouse2\/wp-content\/uploads\/2016\/11\/P1060255-768x512.jpg 768w, https:\/\/tom-et-ma.fr\/thehouse2\/wp-content\/uploads\/2016\/11\/P1060255-1024x683.jpg 1024w, https:\/\/tom-et-ma.fr\/thehouse2\/wp-content\/uploads\/2016\/11\/P1060255-225x150.jpg 225w, https:\/\/tom-et-ma.fr\/thehouse2\/wp-content\/uploads\/2016\/11\/P1060255-150x100.jpg 150w\" sizes=\"(max-width: 1125px) 100vw, 1125px\" \/><\/p>\n<p>Bon on l&rsquo;a quand m\u00eame inaugur\u00e9e \u00e0 19\u00b0C, c&rsquo;est vivifiant!!!<\/p>\n<p><img loading=\"lazy\" class=\"aligncenter size-full wp-image-1278\" src=\"http:\/\/tom-et-ma.fr\/thehouse2\/wp-content\/uploads\/2016\/11\/P1060260.jpg\" alt=\"p1060260\" width=\"500\" height=\"750\" srcset=\"https:\/\/tom-et-ma.fr\/thehouse2\/wp-content\/uploads\/2016\/11\/P1060260.jpg 500w, https:\/\/tom-et-ma.fr\/thehouse2\/wp-content\/uploads\/2016\/11\/P1060260-200x300.jpg 200w, https:\/\/tom-et-ma.fr\/thehouse2\/wp-content\/uploads\/2016\/11\/P1060260-100x150.jpg 100w\" sizes=\"(max-width: 500px) 100vw, 500px\" \/> <img loading=\"lazy\" class=\"aligncenter size-full wp-image-1277\" src=\"http:\/\/tom-et-ma.fr\/thehouse2\/wp-content\/uploads\/2016\/11\/P1060259.jpg\" alt=\"p1060259\" width=\"1125\" height=\"750\" srcset=\"https:\/\/tom-et-ma.fr\/thehouse2\/wp-content\/uploads\/2016\/11\/P1060259.jpg 1125w, https:\/\/tom-et-ma.fr\/thehouse2\/wp-content\/uploads\/2016\/11\/P1060259-300x200.jpg 300w, https:\/\/tom-et-ma.fr\/thehouse2\/wp-content\/uploads\/2016\/11\/P1060259-768x512.jpg 768w, https:\/\/tom-et-ma.fr\/thehouse2\/wp-content\/uploads\/2016\/11\/P1060259-1024x683.jpg 1024w, https:\/\/tom-et-ma.fr\/thehouse2\/wp-content\/uploads\/2016\/11\/P1060259-225x150.jpg 225w, https:\/\/tom-et-ma.fr\/thehouse2\/wp-content\/uploads\/2016\/11\/P1060259-150x100.jpg 150w\" sizes=\"(max-width: 1125px) 100vw, 1125px\" \/><\/p>\n<p>&nbsp;<\/p>\n<p>Mais tellement bon de se dire que l&rsquo;\u00e9t\u00e9 prochain on va en profiter comme des fous!!<\/p>\n<p>Du coup elle va \u00eatre en hivernage actif pendant la saison froide, \u00e7a serait dommage de ne pas en profiter au moins visuellement en mettant une b\u00e2che dessus&#8230;<\/p>\n","protected":false},"excerpt":{"rendered":"<p>C&rsquo;est la derni\u00e8re ligne droit avant le premier bain et surement le dernier pour cette ann\u00e9e car \u00e7a commence \u00e0 cailler!! &nbsp; Apr\u00e8s un grand nettoyage du fond et des parois, on colle le feutre: Merci \u00e0 Sandrine, la cousine \u00e0 Marie qui est venue nous aider \u00e0 poser le \u2026<\/p>\n<p> <a class=\"continue-reading-link\" href=\"https:\/\/tom-et-ma.fr\/thehouse2\/?p=1274\">Continuer \u00e0 lire<i class=\"icon-right-dir\"><\/i><\/a><\/p>\n","protected":false},"author":1,"featured_media":1276,"comment_status":"open","ping_status":"open","sticky":false,"template":"","format":"standard","meta":[],"categories":[130],"tags":[141,140,131],"_links":{"self":[{"href":"https:\/\/tom-et-ma.fr\/thehouse2\/index.php?rest_route=\/wp\/v2\/posts\/1274"}],"collection":[{"href":"https:\/\/tom-et-ma.fr\/thehouse2\/index.php?rest_route=\/wp\/v2\/posts"}],"about":[{"href":"https:\/\/tom-et-ma.fr\/thehouse2\/index.php?rest_route=\/wp\/v2\/types\/post"}],"author":[{"embeddable":true,"href":"https:\/\/tom-et-ma.fr\/thehouse2\/index.php?rest_route=\/wp\/v2\/users\/1"}],"replies":[{"embeddable":true,"href":"https:\/\/tom-et-ma.fr\/thehouse2\/index.php?rest_route=%2Fwp%2Fv2%2Fcomments&post=1274"}],"version-history":[{"count":1,"href":"https:\/\/tom-et-ma.fr\/thehouse2\/index.php?rest_route=\/wp\/v2\/posts\/1274\/revisions"}],"predecessor-version":[{"id":1293,"href":"https:\/\/tom-et-ma.fr\/thehouse2\/index.php?rest_route=\/wp\/v2\/posts\/1274\/revisions\/1293"}],"wp:featuredmedia":[{"embeddable":true,"href":"https:\/\/tom-et-ma.fr\/thehouse2\/index.php?rest_route=\/wp\/v2\/media\/1276"}],"wp:attachment":[{"href":"https:\/\/tom-et-ma.fr\/thehouse2\/index.php?rest_route=%2Fwp%2Fv2%2Fmedia&parent=1274"}],"wp:term":[{"taxonomy":"category","embeddable":true,"href":"https:\/\/tom-et-ma.fr\/thehouse2\/index.php?rest_route=%2Fwp%2Fv2%2Fcategories&post=1274"},{"taxonomy":"post_tag","embeddable":true,"href":"https:\/\/tom-et-ma.fr\/thehouse2\/index.php?rest_route=%2Fwp%2Fv2%2Ftags&post=1274"}],"curies":[{"name":"wp","href":"https:\/\/api.w.org\/{rel}","templated":true}]}}