{"id":72,"date":"2015-06-18T20:53:58","date_gmt":"2015-06-18T20:53:58","guid":{"rendered":"http:\/\/tom-et-ma.fr\/thehouse2\/?p=72"},"modified":"2015-06-30T20:38:49","modified_gmt":"2015-06-30T20:38:49","slug":"la-mecagrue","status":"publish","type":"post","link":"https:\/\/tom-et-ma.fr\/thehouse2\/?p=72","title":{"rendered":"La MecaGrue&#8230;"},"content":{"rendered":"<p>Bon pour faire simple, il me fallait une grue pour poser les poutres du futur toit plat (12m de long).<\/p>\n<p>Suite au pr\u00e9c\u00e9dent chantier, j&rsquo;avais finalement achet\u00e9 la pelle du voisin qui nous pr\u00eatait gentiment sa m\u00e9calac pour finir le terrassement. Je me retrouve donc avec une superbe bestiole dans le jardin \ud83d\ude42<\/p>\n<p><img loading=\"lazy\" class=\"alignnone wp-image-79 size-full\" src=\"http:\/\/tom-et-ma.fr\/thehouse2\/wp-content\/uploads\/2015\/06\/20150606_141927.jpg\" alt=\"20150606_141927\" width=\"1000\" height=\"585\" srcset=\"https:\/\/tom-et-ma.fr\/thehouse2\/wp-content\/uploads\/2015\/06\/20150606_141927.jpg 1000w, https:\/\/tom-et-ma.fr\/thehouse2\/wp-content\/uploads\/2015\/06\/20150606_141927-300x176.jpg 300w, https:\/\/tom-et-ma.fr\/thehouse2\/wp-content\/uploads\/2015\/06\/20150606_141927-250x146.jpg 250w, https:\/\/tom-et-ma.fr\/thehouse2\/wp-content\/uploads\/2015\/06\/20150606_141927-150x88.jpg 150w\" sizes=\"(max-width: 1000px) 100vw, 1000px\" \/><\/p>\n<p>D&rsquo;un autre cot\u00e9, j&rsquo;ai 6 grosses poutres en LVL de 250kg et 12m de long chacune \u00e0 d\u00e9charger du semi remorque qui va me livrer et \u00e0 monter sur le toit ainsi que pleins de \u00ab\u00a0petites\u00a0\u00bb poutres en I d&rsquo;environ 70kg chacune et 13m de long&#8230;<\/p>\n<p>Bref, si je fais un petit schema pour voir si je peux faire \u00e7a avec la pelle on voit bien qu&rsquo;il me faut une rallonge&#8230;<\/p>\n<p><img loading=\"lazy\" class=\"alignnone wp-image-92 size-large\" src=\"http:\/\/tom-et-ma.fr\/thehouse2\/wp-content\/uploads\/2015\/06\/schema-Grue1-1024x587.jpg\" alt=\"\" width=\"930\" height=\"533\" srcset=\"https:\/\/tom-et-ma.fr\/thehouse2\/wp-content\/uploads\/2015\/06\/schema-Grue1-1024x587.jpg 1024w, https:\/\/tom-et-ma.fr\/thehouse2\/wp-content\/uploads\/2015\/06\/schema-Grue1-300x172.jpg 300w, https:\/\/tom-et-ma.fr\/thehouse2\/wp-content\/uploads\/2015\/06\/schema-Grue1-250x143.jpg 250w, https:\/\/tom-et-ma.fr\/thehouse2\/wp-content\/uploads\/2015\/06\/schema-Grue1-150x86.jpg 150w, https:\/\/tom-et-ma.fr\/thehouse2\/wp-content\/uploads\/2015\/06\/schema-Grue1.jpg 1274w\" sizes=\"(max-width: 930px) 100vw, 930px\" \/><\/p>\n<p>Je suis donc parti sur une rallonge de 5.6m capable de soulever 300kg en roulant (400kg en statique). Objectif: construire cette \u00ab\u00a0grue\u00a0\u00bb ou potence de sorte qu&rsquo;elle soit transportable dans une remorque (il faut qu&rsquo;on puisse la couper en deux parties) et suffisamment l\u00e9g\u00e8re pour \u00eatre manipul\u00e9e par 1 voir 2 personnes maxi.<\/p>\n<p>Apr\u00e8s une phase d&rsquo;optimisation du design et de calcul de structure avec Virtual Lab, on voit que l&rsquo;on est en dessous de la contrainte maximale admissible par de l&rsquo;acier avant d\u00e9formation plastique (en bref, si on rajoute du poids, \u00e7a se tord de fa\u00e7on durable&#8230;).<\/p>\n<p><img loading=\"lazy\" class=\"alignnone size-large wp-image-87\" src=\"http:\/\/tom-et-ma.fr\/thehouse2\/wp-content\/uploads\/2015\/06\/EF-potance-meca-1024x288.png\" alt=\"EF potance meca\" width=\"930\" height=\"262\" srcset=\"https:\/\/tom-et-ma.fr\/thehouse2\/wp-content\/uploads\/2015\/06\/EF-potance-meca-1024x288.png 1024w, https:\/\/tom-et-ma.fr\/thehouse2\/wp-content\/uploads\/2015\/06\/EF-potance-meca-300x84.png 300w, https:\/\/tom-et-ma.fr\/thehouse2\/wp-content\/uploads\/2015\/06\/EF-potance-meca-250x70.png 250w, https:\/\/tom-et-ma.fr\/thehouse2\/wp-content\/uploads\/2015\/06\/EF-potance-meca-150x42.png 150w, https:\/\/tom-et-ma.fr\/thehouse2\/wp-content\/uploads\/2015\/06\/EF-potance-meca.png 1568w\" sizes=\"(max-width: 930px) 100vw, 930px\" \/><\/p>\n<p>Ensuite, phase fabrication pendant 2 jours durant lequel j&rsquo;ai profit\u00e9 des conseils de soudure et du mat\u00e9riel de beau Papa&#8230; Encore un grand merci!!<\/p>\n<p>Merci aussi \u00e0 Jean Pierre notre voisin actuel pour nous avoir trouv\u00e9 et donn\u00e9 une attache godets compatible avec la M\u00e9calac et que j&rsquo;ai pu fixer sur la potence.<\/p>\n<p><img loading=\"lazy\" class=\"alignnone size-full wp-image-95\" src=\"http:\/\/tom-et-ma.fr\/thehouse2\/wp-content\/uploads\/2015\/06\/photo-1.jpg\" alt=\"photo (1)\" width=\"937\" height=\"700\" srcset=\"https:\/\/tom-et-ma.fr\/thehouse2\/wp-content\/uploads\/2015\/06\/photo-1.jpg 937w, https:\/\/tom-et-ma.fr\/thehouse2\/wp-content\/uploads\/2015\/06\/photo-1-300x224.jpg 300w, https:\/\/tom-et-ma.fr\/thehouse2\/wp-content\/uploads\/2015\/06\/photo-1-201x150.jpg 201w, https:\/\/tom-et-ma.fr\/thehouse2\/wp-content\/uploads\/2015\/06\/photo-1-150x112.jpg 150w\" sizes=\"(max-width: 937px) 100vw, 937px\" \/><\/p>\n<p>Et voici donc la b\u00eate finie:<\/p>\n<p><img loading=\"lazy\" class=\"alignnone size-full wp-image-94\" src=\"http:\/\/tom-et-ma.fr\/thehouse2\/wp-content\/uploads\/2015\/06\/photo-2.jpg\" alt=\"photo (2)\" width=\"937\" height=\"700\" srcset=\"https:\/\/tom-et-ma.fr\/thehouse2\/wp-content\/uploads\/2015\/06\/photo-2.jpg 937w, https:\/\/tom-et-ma.fr\/thehouse2\/wp-content\/uploads\/2015\/06\/photo-2-300x224.jpg 300w, https:\/\/tom-et-ma.fr\/thehouse2\/wp-content\/uploads\/2015\/06\/photo-2-201x150.jpg 201w, https:\/\/tom-et-ma.fr\/thehouse2\/wp-content\/uploads\/2015\/06\/photo-2-150x112.jpg 150w\" sizes=\"(max-width: 937px) 100vw, 937px\" \/><\/p>\n<p><img loading=\"lazy\" class=\"alignnone size-full wp-image-73\" src=\"http:\/\/tom-et-ma.fr\/thehouse2\/wp-content\/uploads\/2015\/06\/2015-06-13-11.jpg\" alt=\"2015 06 13  (11)\" width=\"1000\" height=\"665\" srcset=\"https:\/\/tom-et-ma.fr\/thehouse2\/wp-content\/uploads\/2015\/06\/2015-06-13-11.jpg 1000w, https:\/\/tom-et-ma.fr\/thehouse2\/wp-content\/uploads\/2015\/06\/2015-06-13-11-300x200.jpg 300w, https:\/\/tom-et-ma.fr\/thehouse2\/wp-content\/uploads\/2015\/06\/2015-06-13-11-226x150.jpg 226w, https:\/\/tom-et-ma.fr\/thehouse2\/wp-content\/uploads\/2015\/06\/2015-06-13-11-150x100.jpg 150w\" sizes=\"(max-width: 1000px) 100vw, 1000px\" \/> <img loading=\"lazy\" class=\"alignnone size-full wp-image-76\" src=\"http:\/\/tom-et-ma.fr\/thehouse2\/wp-content\/uploads\/2015\/06\/2015-06-13-26.jpg\" alt=\"2015 06 13  (26)\" width=\"1000\" height=\"475\" srcset=\"https:\/\/tom-et-ma.fr\/thehouse2\/wp-content\/uploads\/2015\/06\/2015-06-13-26.jpg 1000w, https:\/\/tom-et-ma.fr\/thehouse2\/wp-content\/uploads\/2015\/06\/2015-06-13-26-300x143.jpg 300w, https:\/\/tom-et-ma.fr\/thehouse2\/wp-content\/uploads\/2015\/06\/2015-06-13-26-250x119.jpg 250w, https:\/\/tom-et-ma.fr\/thehouse2\/wp-content\/uploads\/2015\/06\/2015-06-13-26-150x71.jpg 150w\" sizes=\"(max-width: 1000px) 100vw, 1000px\" \/> <img loading=\"lazy\" class=\"alignnone size-full wp-image-77\" src=\"http:\/\/tom-et-ma.fr\/thehouse2\/wp-content\/uploads\/2015\/06\/2015-06-13-29.jpg\" alt=\"2015 06 13  (29)\" width=\"1000\" height=\"447\" srcset=\"https:\/\/tom-et-ma.fr\/thehouse2\/wp-content\/uploads\/2015\/06\/2015-06-13-29.jpg 1000w, https:\/\/tom-et-ma.fr\/thehouse2\/wp-content\/uploads\/2015\/06\/2015-06-13-29-300x134.jpg 300w, https:\/\/tom-et-ma.fr\/thehouse2\/wp-content\/uploads\/2015\/06\/2015-06-13-29-250x112.jpg 250w, https:\/\/tom-et-ma.fr\/thehouse2\/wp-content\/uploads\/2015\/06\/2015-06-13-29-150x67.jpg 150w\" sizes=\"(max-width: 1000px) 100vw, 1000px\" \/> <img loading=\"lazy\" class=\"alignnone size-full wp-image-78\" src=\"http:\/\/tom-et-ma.fr\/thehouse2\/wp-content\/uploads\/2015\/06\/2015-06-13-30.jpg\" alt=\"2015 06 13  (30)\" width=\"1000\" height=\"665\" srcset=\"https:\/\/tom-et-ma.fr\/thehouse2\/wp-content\/uploads\/2015\/06\/2015-06-13-30.jpg 1000w, https:\/\/tom-et-ma.fr\/thehouse2\/wp-content\/uploads\/2015\/06\/2015-06-13-30-300x200.jpg 300w, https:\/\/tom-et-ma.fr\/thehouse2\/wp-content\/uploads\/2015\/06\/2015-06-13-30-226x150.jpg 226w, https:\/\/tom-et-ma.fr\/thehouse2\/wp-content\/uploads\/2015\/06\/2015-06-13-30-150x100.jpg 150w\" sizes=\"(max-width: 1000px) 100vw, 1000px\" \/> <img loading=\"lazy\" class=\"alignnone size-full wp-image-74\" src=\"http:\/\/tom-et-ma.fr\/thehouse2\/wp-content\/uploads\/2015\/06\/2015-06-13-15.jpg\" alt=\"2015 06 13  (15)\" width=\"1000\" height=\"668\" srcset=\"https:\/\/tom-et-ma.fr\/thehouse2\/wp-content\/uploads\/2015\/06\/2015-06-13-15.jpg 1000w, https:\/\/tom-et-ma.fr\/thehouse2\/wp-content\/uploads\/2015\/06\/2015-06-13-15-300x200.jpg 300w, https:\/\/tom-et-ma.fr\/thehouse2\/wp-content\/uploads\/2015\/06\/2015-06-13-15-225x150.jpg 225w, https:\/\/tom-et-ma.fr\/thehouse2\/wp-content\/uploads\/2015\/06\/2015-06-13-15-150x100.jpg 150w\" sizes=\"(max-width: 1000px) 100vw, 1000px\" \/><\/p>\n<p style=\"text-align: center;\">D\u00e9tail d&rsquo;une platine d&rsquo;assemblage des deux parties&#8230;Bon ok, les soudures c&rsquo;est pas de l&rsquo;industriel&#8230;<\/p>\n<p style=\"text-align: left;\">Vient ensuite la phase de test&#8230;<\/p>\n<p style=\"text-align: left;\"><img loading=\"lazy\" class=\"alignnone size-full wp-image-75\" src=\"http:\/\/tom-et-ma.fr\/thehouse2\/wp-content\/uploads\/2015\/06\/2015-06-13-22.jpg\" alt=\"2015 06 13  (22)\" width=\"466\" height=\"700\" srcset=\"https:\/\/tom-et-ma.fr\/thehouse2\/wp-content\/uploads\/2015\/06\/2015-06-13-22.jpg 466w, https:\/\/tom-et-ma.fr\/thehouse2\/wp-content\/uploads\/2015\/06\/2015-06-13-22-200x300.jpg 200w, https:\/\/tom-et-ma.fr\/thehouse2\/wp-content\/uploads\/2015\/06\/2015-06-13-22-100x150.jpg 100w\" sizes=\"(max-width: 466px) 100vw, 466px\" \/><\/p>\n<p style=\"text-align: center;\">Et voila, \u00e7a l\u00e8ve bien 300kg en dynamique&#8230; \ud83d\ude42<\/p>\n<p style=\"text-align: left;\">Sinon, le vrai test ou je l\u00e8ve un godet de 250kg n&rsquo;a pas de photo&#8230; mais \u00e7a tient bien \u00e0 premi\u00e8re vu&#8230;<\/p>\n<p style=\"text-align: left;\">&#8230;\u00e0 suivre au moment venu.<\/p>\n<p>&nbsp;<\/p>\n<p>&nbsp;<\/p>\n","protected":false},"excerpt":{"rendered":"<p>Bon pour faire simple, il me fallait une grue pour poser les poutres du futur toit plat (12m de long). Suite au pr\u00e9c\u00e9dent chantier, j&rsquo;avais finalement achet\u00e9 la pelle du voisin qui nous pr\u00eatait gentiment sa m\u00e9calac pour finir le terrassement. Je me retrouve donc avec une superbe bestiole dans \u2026<\/p>\n<p> <a class=\"continue-reading-link\" href=\"https:\/\/tom-et-ma.fr\/thehouse2\/?p=72\">Continuer \u00e0 lire<i class=\"icon-right-dir\"><\/i><\/a><\/p>\n","protected":false},"author":1,"featured_media":77,"comment_status":"open","ping_status":"open","sticky":false,"template":"","format":"standard","meta":[],"categories":[11],"tags":[12,15,13,14],"_links":{"self":[{"href":"https:\/\/tom-et-ma.fr\/thehouse2\/index.php?rest_route=\/wp\/v2\/posts\/72"}],"collection":[{"href":"https:\/\/tom-et-ma.fr\/thehouse2\/index.php?rest_route=\/wp\/v2\/posts"}],"about":[{"href":"https:\/\/tom-et-ma.fr\/thehouse2\/index.php?rest_route=\/wp\/v2\/types\/post"}],"author":[{"embeddable":true,"href":"https:\/\/tom-et-ma.fr\/thehouse2\/index.php?rest_route=\/wp\/v2\/users\/1"}],"replies":[{"embeddable":true,"href":"https:\/\/tom-et-ma.fr\/thehouse2\/index.php?rest_route=%2Fwp%2Fv2%2Fcomments&post=72"}],"version-history":[{"count":6,"href":"https:\/\/tom-et-ma.fr\/thehouse2\/index.php?rest_route=\/wp\/v2\/posts\/72\/revisions"}],"predecessor-version":[{"id":97,"href":"https:\/\/tom-et-ma.fr\/thehouse2\/index.php?rest_route=\/wp\/v2\/posts\/72\/revisions\/97"}],"wp:featuredmedia":[{"embeddable":true,"href":"https:\/\/tom-et-ma.fr\/thehouse2\/index.php?rest_route=\/wp\/v2\/media\/77"}],"wp:attachment":[{"href":"https:\/\/tom-et-ma.fr\/thehouse2\/index.php?rest_route=%2Fwp%2Fv2%2Fmedia&parent=72"}],"wp:term":[{"taxonomy":"category","embeddable":true,"href":"https:\/\/tom-et-ma.fr\/thehouse2\/index.php?rest_route=%2Fwp%2Fv2%2Fcategories&post=72"},{"taxonomy":"post_tag","embeddable":true,"href":"https:\/\/tom-et-ma.fr\/thehouse2\/index.php?rest_route=%2Fwp%2Fv2%2Ftags&post=72"}],"curies":[{"name":"wp","href":"https:\/\/api.w.org\/{rel}","templated":true}]}}