{"id":881,"date":"2016-03-20T21:11:07","date_gmt":"2016-03-20T21:11:07","guid":{"rendered":"http:\/\/tom-et-ma.fr\/thehouse2\/?p=881"},"modified":"2017-04-11T21:22:21","modified_gmt":"2017-04-11T21:22:21","slug":"cloisons-en-placo-he-ho","status":"publish","type":"post","link":"https:\/\/tom-et-ma.fr\/thehouse2\/?p=881","title":{"rendered":"Cloisons&#8230;en placo h\u00e9 ho!"},"content":{"rendered":"<p>C&rsquo;est parti pour les cloisons en placo ! les pi\u00e8ces prennent forment et c&rsquo;est assez plaisant !<\/p>\n<p>&nbsp;<\/p>\n<p>Ci dessous la chambre \u00ab\u00a0parentale\u00a0\u00bb<img loading=\"lazy\" class=\"aligncenter size-large wp-image-882\" src=\"http:\/\/tom-et-ma.fr\/thehouse2\/wp-content\/uploads\/2016\/03\/P1050427-1024x683.jpg\" alt=\"P1050427\" width=\"930\" height=\"620\" srcset=\"https:\/\/tom-et-ma.fr\/thehouse2\/wp-content\/uploads\/2016\/03\/P1050427-1024x683.jpg 1024w, https:\/\/tom-et-ma.fr\/thehouse2\/wp-content\/uploads\/2016\/03\/P1050427-300x200.jpg 300w, https:\/\/tom-et-ma.fr\/thehouse2\/wp-content\/uploads\/2016\/03\/P1050427-768x512.jpg 768w, https:\/\/tom-et-ma.fr\/thehouse2\/wp-content\/uploads\/2016\/03\/P1050427-225x150.jpg 225w, https:\/\/tom-et-ma.fr\/thehouse2\/wp-content\/uploads\/2016\/03\/P1050427-150x100.jpg 150w, https:\/\/tom-et-ma.fr\/thehouse2\/wp-content\/uploads\/2016\/03\/P1050427.jpg 1125w\" sizes=\"(max-width: 930px) 100vw, 930px\" \/><\/p>\n<p>le dressing&#8230;<img loading=\"lazy\" class=\"aligncenter size-full wp-image-883\" src=\"http:\/\/tom-et-ma.fr\/thehouse2\/wp-content\/uploads\/2016\/03\/P1050428.jpg\" alt=\"P1050428\" width=\"500\" height=\"750\" srcset=\"https:\/\/tom-et-ma.fr\/thehouse2\/wp-content\/uploads\/2016\/03\/P1050428.jpg 500w, https:\/\/tom-et-ma.fr\/thehouse2\/wp-content\/uploads\/2016\/03\/P1050428-200x300.jpg 200w, https:\/\/tom-et-ma.fr\/thehouse2\/wp-content\/uploads\/2016\/03\/P1050428-100x150.jpg 100w\" sizes=\"(max-width: 500px) 100vw, 500px\" \/><\/p>\n<p>les rails de la salle d&rsquo;eau parentale :<img loading=\"lazy\" class=\"aligncenter size-full wp-image-886\" src=\"http:\/\/tom-et-ma.fr\/thehouse2\/wp-content\/uploads\/2016\/03\/P1050433.jpg\" alt=\"P1050433\" width=\"500\" height=\"750\" srcset=\"https:\/\/tom-et-ma.fr\/thehouse2\/wp-content\/uploads\/2016\/03\/P1050433.jpg 500w, https:\/\/tom-et-ma.fr\/thehouse2\/wp-content\/uploads\/2016\/03\/P1050433-200x300.jpg 200w, https:\/\/tom-et-ma.fr\/thehouse2\/wp-content\/uploads\/2016\/03\/P1050433-100x150.jpg 100w\" sizes=\"(max-width: 500px) 100vw, 500px\" \/><\/p>\n<p>Chambre 3:<br \/>\n<img loading=\"lazy\" class=\"aligncenter size-large wp-image-884\" src=\"http:\/\/tom-et-ma.fr\/thehouse2\/wp-content\/uploads\/2016\/03\/P1050429-1024x683.jpg\" alt=\"P1050429\" width=\"930\" height=\"620\" srcset=\"https:\/\/tom-et-ma.fr\/thehouse2\/wp-content\/uploads\/2016\/03\/P1050429-1024x683.jpg 1024w, https:\/\/tom-et-ma.fr\/thehouse2\/wp-content\/uploads\/2016\/03\/P1050429-300x200.jpg 300w, https:\/\/tom-et-ma.fr\/thehouse2\/wp-content\/uploads\/2016\/03\/P1050429-768x512.jpg 768w, https:\/\/tom-et-ma.fr\/thehouse2\/wp-content\/uploads\/2016\/03\/P1050429-225x150.jpg 225w, https:\/\/tom-et-ma.fr\/thehouse2\/wp-content\/uploads\/2016\/03\/P1050429-150x100.jpg 150w, https:\/\/tom-et-ma.fr\/thehouse2\/wp-content\/uploads\/2016\/03\/P1050429.jpg 1125w\" sizes=\"(max-width: 930px) 100vw, 930px\" \/><\/p>\n<p>Futur couloir desservant les futures chambres:<\/p>\n<p><img loading=\"lazy\" class=\"aligncenter size-full wp-image-885\" src=\"http:\/\/tom-et-ma.fr\/thehouse2\/wp-content\/uploads\/2016\/03\/P1050432.jpg\" alt=\"P1050432\" width=\"500\" height=\"750\" srcset=\"https:\/\/tom-et-ma.fr\/thehouse2\/wp-content\/uploads\/2016\/03\/P1050432.jpg 500w, https:\/\/tom-et-ma.fr\/thehouse2\/wp-content\/uploads\/2016\/03\/P1050432-200x300.jpg 200w, https:\/\/tom-et-ma.fr\/thehouse2\/wp-content\/uploads\/2016\/03\/P1050432-100x150.jpg 100w\" sizes=\"(max-width: 500px) 100vw, 500px\" \/><\/p>\n<p>&nbsp;<\/p>\n<p>l&rsquo;entr\u00e9e, c&rsquo;est encore un sacr\u00e9 bazar !<img loading=\"lazy\" class=\"aligncenter size-large wp-image-887\" src=\"http:\/\/tom-et-ma.fr\/thehouse2\/wp-content\/uploads\/2016\/03\/P1050434-1024x683.jpg\" alt=\"P1050434\" width=\"930\" height=\"620\" srcset=\"https:\/\/tom-et-ma.fr\/thehouse2\/wp-content\/uploads\/2016\/03\/P1050434-1024x683.jpg 1024w, https:\/\/tom-et-ma.fr\/thehouse2\/wp-content\/uploads\/2016\/03\/P1050434-300x200.jpg 300w, https:\/\/tom-et-ma.fr\/thehouse2\/wp-content\/uploads\/2016\/03\/P1050434-768x512.jpg 768w, https:\/\/tom-et-ma.fr\/thehouse2\/wp-content\/uploads\/2016\/03\/P1050434-225x150.jpg 225w, https:\/\/tom-et-ma.fr\/thehouse2\/wp-content\/uploads\/2016\/03\/P1050434-150x100.jpg 150w, https:\/\/tom-et-ma.fr\/thehouse2\/wp-content\/uploads\/2016\/03\/P1050434.jpg 1125w\" sizes=\"(max-width: 930px) 100vw, 930px\" \/><\/p>\n<p>&nbsp;<\/p>\n<p><img loading=\"lazy\" class=\"aligncenter size-full wp-image-888\" src=\"http:\/\/tom-et-ma.fr\/thehouse2\/wp-content\/uploads\/2016\/03\/P1050436.jpg\" alt=\"P1050436\" width=\"500\" height=\"750\" srcset=\"https:\/\/tom-et-ma.fr\/thehouse2\/wp-content\/uploads\/2016\/03\/P1050436.jpg 500w, https:\/\/tom-et-ma.fr\/thehouse2\/wp-content\/uploads\/2016\/03\/P1050436-200x300.jpg 200w, https:\/\/tom-et-ma.fr\/thehouse2\/wp-content\/uploads\/2016\/03\/P1050436-100x150.jpg 100w\" sizes=\"(max-width: 500px) 100vw, 500px\" \/><\/p>\n<p><img loading=\"lazy\" class=\"aligncenter size-full wp-image-889\" src=\"http:\/\/tom-et-ma.fr\/thehouse2\/wp-content\/uploads\/2016\/03\/P1050437.jpg\" alt=\"P1050437\" width=\"500\" height=\"750\" srcset=\"https:\/\/tom-et-ma.fr\/thehouse2\/wp-content\/uploads\/2016\/03\/P1050437.jpg 500w, https:\/\/tom-et-ma.fr\/thehouse2\/wp-content\/uploads\/2016\/03\/P1050437-200x300.jpg 200w, https:\/\/tom-et-ma.fr\/thehouse2\/wp-content\/uploads\/2016\/03\/P1050437-100x150.jpg 100w\" sizes=\"(max-width: 500px) 100vw, 500px\" \/> <img loading=\"lazy\" class=\"aligncenter size-large wp-image-890\" src=\"http:\/\/tom-et-ma.fr\/thehouse2\/wp-content\/uploads\/2016\/03\/P1050438-1024x683.jpg\" alt=\"P1050438\" width=\"930\" height=\"620\" srcset=\"https:\/\/tom-et-ma.fr\/thehouse2\/wp-content\/uploads\/2016\/03\/P1050438-1024x683.jpg 1024w, https:\/\/tom-et-ma.fr\/thehouse2\/wp-content\/uploads\/2016\/03\/P1050438-300x200.jpg 300w, https:\/\/tom-et-ma.fr\/thehouse2\/wp-content\/uploads\/2016\/03\/P1050438-768x512.jpg 768w, https:\/\/tom-et-ma.fr\/thehouse2\/wp-content\/uploads\/2016\/03\/P1050438-225x150.jpg 225w, https:\/\/tom-et-ma.fr\/thehouse2\/wp-content\/uploads\/2016\/03\/P1050438-150x100.jpg 150w, https:\/\/tom-et-ma.fr\/thehouse2\/wp-content\/uploads\/2016\/03\/P1050438.jpg 1125w\" sizes=\"(max-width: 930px) 100vw, 930px\" \/> <img loading=\"lazy\" class=\"aligncenter size-large wp-image-891\" src=\"http:\/\/tom-et-ma.fr\/thehouse2\/wp-content\/uploads\/2016\/03\/P1050441-1024x683.jpg\" alt=\"P1050441\" width=\"930\" height=\"620\" srcset=\"https:\/\/tom-et-ma.fr\/thehouse2\/wp-content\/uploads\/2016\/03\/P1050441-1024x683.jpg 1024w, https:\/\/tom-et-ma.fr\/thehouse2\/wp-content\/uploads\/2016\/03\/P1050441-300x200.jpg 300w, https:\/\/tom-et-ma.fr\/thehouse2\/wp-content\/uploads\/2016\/03\/P1050441-768x512.jpg 768w, https:\/\/tom-et-ma.fr\/thehouse2\/wp-content\/uploads\/2016\/03\/P1050441-225x150.jpg 225w, https:\/\/tom-et-ma.fr\/thehouse2\/wp-content\/uploads\/2016\/03\/P1050441-150x100.jpg 150w, https:\/\/tom-et-ma.fr\/thehouse2\/wp-content\/uploads\/2016\/03\/P1050441.jpg 1125w\" sizes=\"(max-width: 930px) 100vw, 930px\" \/> <img loading=\"lazy\" class=\"aligncenter size-full wp-image-892\" src=\"http:\/\/tom-et-ma.fr\/thehouse2\/wp-content\/uploads\/2016\/03\/P1050442.jpg\" alt=\"P1050442\" width=\"500\" height=\"750\" srcset=\"https:\/\/tom-et-ma.fr\/thehouse2\/wp-content\/uploads\/2016\/03\/P1050442.jpg 500w, https:\/\/tom-et-ma.fr\/thehouse2\/wp-content\/uploads\/2016\/03\/P1050442-200x300.jpg 200w, https:\/\/tom-et-ma.fr\/thehouse2\/wp-content\/uploads\/2016\/03\/P1050442-100x150.jpg 100w\" sizes=\"(max-width: 500px) 100vw, 500px\" \/> <img loading=\"lazy\" class=\"aligncenter size-large wp-image-893\" src=\"http:\/\/tom-et-ma.fr\/thehouse2\/wp-content\/uploads\/2016\/03\/P1050444-1024x683.jpg\" alt=\"P1050444\" width=\"930\" height=\"620\" srcset=\"https:\/\/tom-et-ma.fr\/thehouse2\/wp-content\/uploads\/2016\/03\/P1050444-1024x683.jpg 1024w, https:\/\/tom-et-ma.fr\/thehouse2\/wp-content\/uploads\/2016\/03\/P1050444-300x200.jpg 300w, https:\/\/tom-et-ma.fr\/thehouse2\/wp-content\/uploads\/2016\/03\/P1050444-768x512.jpg 768w, https:\/\/tom-et-ma.fr\/thehouse2\/wp-content\/uploads\/2016\/03\/P1050444-225x150.jpg 225w, https:\/\/tom-et-ma.fr\/thehouse2\/wp-content\/uploads\/2016\/03\/P1050444-150x100.jpg 150w, https:\/\/tom-et-ma.fr\/thehouse2\/wp-content\/uploads\/2016\/03\/P1050444.jpg 1125w\" sizes=\"(max-width: 930px) 100vw, 930px\" \/>Pour l&rsquo;isolation phonique,\u00a0on a utilis\u00e9 de la laine de bois de 4cm d&rsquo;\u00e9paisseur que l&rsquo;on vient placer entre les rails de placo et pour les chambres nous avons doubl\u00e9 les plaques de placo. Nous avons \u00e9galement opt\u00e9 pour des portes int\u00e9rieures dites \u00ab\u00a0\u00e2mes pleine\u00a0\u00bb qui ont une meilleure isolation phoniques que les \u00e2mes alv\u00e9olaires. On essaye d&rsquo;am\u00e9liorer l&rsquo;isolation phonique qui \u00e9tait un peu moyen moins sur la premi\u00e8re maison (pour rappel nous avions mis de la laine de verre + 1 seule peau de placo de chaque cot\u00e9 + portes int\u00e9rieures \u00e2me alv\u00e9olaire). Pour l&rsquo;instant \u00e7a \u00e0 l&rsquo;air pas mal, on vous dira \u00e7a quand on y dormira ! bient\u00f4t ! dans 3 mois si on est bon \ud83d\ude42<\/p>\n<p>&nbsp;<\/p>\n<p>Et voici\u00a0les derni\u00e8res photos des cloisons que nous avons finies ce week end !!! enfin presque &#8230; il ne nous que reste 2 portes \u00e0 poser dont une qui est en sav (pour changer), elle nous a \u00e9t\u00e9 livr\u00e9e cass\u00e9e ! On esp\u00e8re que cela ne nous retardera pas trop !<\/p>\n<p>En arrivant dans le couloir qui am\u00e8ne aux chambres:<\/p>\n<p><img loading=\"lazy\" class=\"aligncenter size-full wp-image-914\" src=\"http:\/\/tom-et-ma.fr\/thehouse2\/wp-content\/uploads\/2016\/03\/P1050447.jpg\" alt=\"P1050447\" width=\"500\" height=\"750\" srcset=\"https:\/\/tom-et-ma.fr\/thehouse2\/wp-content\/uploads\/2016\/03\/P1050447.jpg 500w, https:\/\/tom-et-ma.fr\/thehouse2\/wp-content\/uploads\/2016\/03\/P1050447-200x300.jpg 200w, https:\/\/tom-et-ma.fr\/thehouse2\/wp-content\/uploads\/2016\/03\/P1050447-100x150.jpg 100w\" sizes=\"(max-width: 500px) 100vw, 500px\" \/><\/p>\n<p>M\u00eame couloir mais fini<img loading=\"lazy\" class=\"aligncenter size-full wp-image-905\" src=\"http:\/\/tom-et-ma.fr\/thehouse2\/wp-content\/uploads\/2016\/03\/P1050472.jpg\" alt=\"P1050472\" width=\"500\" height=\"750\" srcset=\"https:\/\/tom-et-ma.fr\/thehouse2\/wp-content\/uploads\/2016\/03\/P1050472.jpg 500w, https:\/\/tom-et-ma.fr\/thehouse2\/wp-content\/uploads\/2016\/03\/P1050472-200x300.jpg 200w, https:\/\/tom-et-ma.fr\/thehouse2\/wp-content\/uploads\/2016\/03\/P1050472-100x150.jpg 100w\" sizes=\"(max-width: 500px) 100vw, 500px\" \/><\/p>\n<p>La SDB \u00ab\u00a0commune\u00a0\u00bb aux 3 chambres:<img loading=\"lazy\" class=\"aligncenter size-large wp-image-912\" src=\"http:\/\/tom-et-ma.fr\/thehouse2\/wp-content\/uploads\/2016\/03\/P1050487-683x1024.jpg\" alt=\"P1050487\" width=\"683\" height=\"1024\" srcset=\"https:\/\/tom-et-ma.fr\/thehouse2\/wp-content\/uploads\/2016\/03\/P1050487-683x1024.jpg 683w, https:\/\/tom-et-ma.fr\/thehouse2\/wp-content\/uploads\/2016\/03\/P1050487-200x300.jpg 200w, https:\/\/tom-et-ma.fr\/thehouse2\/wp-content\/uploads\/2016\/03\/P1050487-100x150.jpg 100w, https:\/\/tom-et-ma.fr\/thehouse2\/wp-content\/uploads\/2016\/03\/P1050487.jpg 750w\" sizes=\"(max-width: 683px) 100vw, 683px\" \/><\/p>\n<p>Le cellier qui fait la s\u00e9paration entre salon est espace cuisine\/SAM:<\/p>\n<p>Pose des rails:<img loading=\"lazy\" class=\"aligncenter size-large wp-image-915\" src=\"http:\/\/tom-et-ma.fr\/thehouse2\/wp-content\/uploads\/2016\/03\/P1050450-1024x683.jpg\" alt=\"P1050450\" width=\"930\" height=\"620\" srcset=\"https:\/\/tom-et-ma.fr\/thehouse2\/wp-content\/uploads\/2016\/03\/P1050450-1024x683.jpg 1024w, https:\/\/tom-et-ma.fr\/thehouse2\/wp-content\/uploads\/2016\/03\/P1050450-300x200.jpg 300w, https:\/\/tom-et-ma.fr\/thehouse2\/wp-content\/uploads\/2016\/03\/P1050450-768x512.jpg 768w, https:\/\/tom-et-ma.fr\/thehouse2\/wp-content\/uploads\/2016\/03\/P1050450-225x150.jpg 225w, https:\/\/tom-et-ma.fr\/thehouse2\/wp-content\/uploads\/2016\/03\/P1050450-150x100.jpg 150w, https:\/\/tom-et-ma.fr\/thehouse2\/wp-content\/uploads\/2016\/03\/P1050450.jpg 1125w\" sizes=\"(max-width: 930px) 100vw, 930px\" \/><\/p>\n<p>Placo cot\u00e9 salon:<img loading=\"lazy\" class=\"aligncenter size-large wp-image-916\" src=\"http:\/\/tom-et-ma.fr\/thehouse2\/wp-content\/uploads\/2016\/03\/P1050451-1024x683.jpg\" alt=\"P1050451\" width=\"930\" height=\"620\" srcset=\"https:\/\/tom-et-ma.fr\/thehouse2\/wp-content\/uploads\/2016\/03\/P1050451-1024x683.jpg 1024w, https:\/\/tom-et-ma.fr\/thehouse2\/wp-content\/uploads\/2016\/03\/P1050451-300x200.jpg 300w, https:\/\/tom-et-ma.fr\/thehouse2\/wp-content\/uploads\/2016\/03\/P1050451-768x512.jpg 768w, https:\/\/tom-et-ma.fr\/thehouse2\/wp-content\/uploads\/2016\/03\/P1050451-225x150.jpg 225w, https:\/\/tom-et-ma.fr\/thehouse2\/wp-content\/uploads\/2016\/03\/P1050451-150x100.jpg 150w, https:\/\/tom-et-ma.fr\/thehouse2\/wp-content\/uploads\/2016\/03\/P1050451.jpg 1125w\" sizes=\"(max-width: 930px) 100vw, 930px\" \/><\/p>\n<p>Tout plaqu\u00e9!<img loading=\"lazy\" class=\"aligncenter size-large wp-image-909\" src=\"http:\/\/tom-et-ma.fr\/thehouse2\/wp-content\/uploads\/2016\/03\/P1050482-1024x683.jpg\" alt=\"P1050482\" width=\"930\" height=\"620\" srcset=\"https:\/\/tom-et-ma.fr\/thehouse2\/wp-content\/uploads\/2016\/03\/P1050482-1024x683.jpg 1024w, https:\/\/tom-et-ma.fr\/thehouse2\/wp-content\/uploads\/2016\/03\/P1050482-300x200.jpg 300w, https:\/\/tom-et-ma.fr\/thehouse2\/wp-content\/uploads\/2016\/03\/P1050482-768x512.jpg 768w, https:\/\/tom-et-ma.fr\/thehouse2\/wp-content\/uploads\/2016\/03\/P1050482-225x150.jpg 225w, https:\/\/tom-et-ma.fr\/thehouse2\/wp-content\/uploads\/2016\/03\/P1050482-150x100.jpg 150w, https:\/\/tom-et-ma.fr\/thehouse2\/wp-content\/uploads\/2016\/03\/P1050482.jpg 1125w\" sizes=\"(max-width: 930px) 100vw, 930px\" \/><\/p>\n<p>Et voici le cot\u00e9 cuisine:<img loading=\"lazy\" class=\"aligncenter size-large wp-image-903\" src=\"http:\/\/tom-et-ma.fr\/thehouse2\/wp-content\/uploads\/2016\/03\/P1050470-1024x683.jpg\" alt=\"P1050470\" width=\"930\" height=\"620\" srcset=\"https:\/\/tom-et-ma.fr\/thehouse2\/wp-content\/uploads\/2016\/03\/P1050470-1024x683.jpg 1024w, https:\/\/tom-et-ma.fr\/thehouse2\/wp-content\/uploads\/2016\/03\/P1050470-300x200.jpg 300w, https:\/\/tom-et-ma.fr\/thehouse2\/wp-content\/uploads\/2016\/03\/P1050470-768x512.jpg 768w, https:\/\/tom-et-ma.fr\/thehouse2\/wp-content\/uploads\/2016\/03\/P1050470-225x150.jpg 225w, https:\/\/tom-et-ma.fr\/thehouse2\/wp-content\/uploads\/2016\/03\/P1050470-150x100.jpg 150w, https:\/\/tom-et-ma.fr\/thehouse2\/wp-content\/uploads\/2016\/03\/P1050470.jpg 1125w\" sizes=\"(max-width: 930px) 100vw, 930px\" \/><\/p>\n<p>Bon, reste encore le d\u00e9croch\u00e9 au plafond mais c&rsquo;est pas trop urgent&#8230;<img loading=\"lazy\" class=\"aligncenter size-large wp-image-911\" src=\"http:\/\/tom-et-ma.fr\/thehouse2\/wp-content\/uploads\/2016\/03\/P1050484-1024x683.jpg\" alt=\"P1050484\" width=\"930\" height=\"620\" srcset=\"https:\/\/tom-et-ma.fr\/thehouse2\/wp-content\/uploads\/2016\/03\/P1050484-1024x683.jpg 1024w, https:\/\/tom-et-ma.fr\/thehouse2\/wp-content\/uploads\/2016\/03\/P1050484-300x200.jpg 300w, https:\/\/tom-et-ma.fr\/thehouse2\/wp-content\/uploads\/2016\/03\/P1050484-768x512.jpg 768w, https:\/\/tom-et-ma.fr\/thehouse2\/wp-content\/uploads\/2016\/03\/P1050484-225x150.jpg 225w, https:\/\/tom-et-ma.fr\/thehouse2\/wp-content\/uploads\/2016\/03\/P1050484-150x100.jpg 150w, https:\/\/tom-et-ma.fr\/thehouse2\/wp-content\/uploads\/2016\/03\/P1050484.jpg 1125w\" sizes=\"(max-width: 930px) 100vw, 930px\" \/><\/p>\n<p>Pour info, voici le sch\u00e9ma technique en coupe qui indique comment je vais faire, il doit bien sur exister d&rsquo;autres fa\u00e7ons:<\/p>\n<p><img loading=\"lazy\" class=\"aligncenter size-full wp-image-1353\" src=\"http:\/\/tom-et-ma.fr\/thehouse2\/wp-content\/uploads\/2016\/03\/20170411_224333.jpg\" alt=\"20170411_224333\" width=\"1869\" height=\"1080\" srcset=\"https:\/\/tom-et-ma.fr\/thehouse2\/wp-content\/uploads\/2016\/03\/20170411_224333.jpg 1869w, https:\/\/tom-et-ma.fr\/thehouse2\/wp-content\/uploads\/2016\/03\/20170411_224333-300x173.jpg 300w, https:\/\/tom-et-ma.fr\/thehouse2\/wp-content\/uploads\/2016\/03\/20170411_224333-768x444.jpg 768w, https:\/\/tom-et-ma.fr\/thehouse2\/wp-content\/uploads\/2016\/03\/20170411_224333-1024x592.jpg 1024w, https:\/\/tom-et-ma.fr\/thehouse2\/wp-content\/uploads\/2016\/03\/20170411_224333-250x144.jpg 250w, https:\/\/tom-et-ma.fr\/thehouse2\/wp-content\/uploads\/2016\/03\/20170411_224333-150x87.jpg 150w\" sizes=\"(max-width: 1869px) 100vw, 1869px\" \/><\/p>\n<p>Le \u00ab\u00a0trou vers le haut\u00a0\u00bb (le d\u00e9croch\u00e9 de 10cm vers le haut) fait la taille du futur \u00eelot de cuisine. Attention de bien jointer les angle indiqu\u00e9 ci-dessus avant de construire les bords de la partie qui semble en suspension.<\/p>\n<p>&nbsp;<\/p>\n<p>L\u2019int\u00e9rieur du cellier avec la tr\u00e9mie vers le sous sol qui recevra l&rsquo;escalier:<img loading=\"lazy\" class=\"aligncenter size-full wp-image-910\" src=\"http:\/\/tom-et-ma.fr\/thehouse2\/wp-content\/uploads\/2016\/03\/P1050483.jpg\" alt=\"P1050483\" width=\"500\" height=\"750\" srcset=\"https:\/\/tom-et-ma.fr\/thehouse2\/wp-content\/uploads\/2016\/03\/P1050483.jpg 500w, https:\/\/tom-et-ma.fr\/thehouse2\/wp-content\/uploads\/2016\/03\/P1050483-200x300.jpg 200w, https:\/\/tom-et-ma.fr\/thehouse2\/wp-content\/uploads\/2016\/03\/P1050483-100x150.jpg 100w\" sizes=\"(max-width: 500px) 100vw, 500px\" \/><\/p>\n<p>Et la sp\u00e9ciale d\u00e9dicace pour f\u00eater nos 16ans de plaisirs partag\u00e9s&#8230; \u00e7a nous rajeuni pas tout \u00e7a&#8230;<img loading=\"lazy\" class=\"aligncenter size-full wp-image-906\" src=\"http:\/\/tom-et-ma.fr\/thehouse2\/wp-content\/uploads\/2016\/03\/P1050473.jpg\" alt=\"P1050473\" width=\"500\" height=\"750\" srcset=\"https:\/\/tom-et-ma.fr\/thehouse2\/wp-content\/uploads\/2016\/03\/P1050473.jpg 500w, https:\/\/tom-et-ma.fr\/thehouse2\/wp-content\/uploads\/2016\/03\/P1050473-200x300.jpg 200w, https:\/\/tom-et-ma.fr\/thehouse2\/wp-content\/uploads\/2016\/03\/P1050473-100x150.jpg 100w\" sizes=\"(max-width: 500px) 100vw, 500px\" \/> <img loading=\"lazy\" class=\"aligncenter size-full wp-image-907\" src=\"http:\/\/tom-et-ma.fr\/thehouse2\/wp-content\/uploads\/2016\/03\/P1050477.jpg\" alt=\"P1050477\" width=\"500\" height=\"750\" srcset=\"https:\/\/tom-et-ma.fr\/thehouse2\/wp-content\/uploads\/2016\/03\/P1050477.jpg 500w, https:\/\/tom-et-ma.fr\/thehouse2\/wp-content\/uploads\/2016\/03\/P1050477-200x300.jpg 200w, https:\/\/tom-et-ma.fr\/thehouse2\/wp-content\/uploads\/2016\/03\/P1050477-100x150.jpg 100w\" sizes=\"(max-width: 500px) 100vw, 500px\" \/><\/p>\n<p>L&rsquo;entr\u00e9e maintenant:<img loading=\"lazy\" class=\"aligncenter size-full wp-image-913\" src=\"http:\/\/tom-et-ma.fr\/thehouse2\/wp-content\/uploads\/2016\/03\/P1050446.jpg\" alt=\"P1050446\" width=\"500\" height=\"750\" srcset=\"https:\/\/tom-et-ma.fr\/thehouse2\/wp-content\/uploads\/2016\/03\/P1050446.jpg 500w, https:\/\/tom-et-ma.fr\/thehouse2\/wp-content\/uploads\/2016\/03\/P1050446-200x300.jpg 200w, https:\/\/tom-et-ma.fr\/thehouse2\/wp-content\/uploads\/2016\/03\/P1050446-100x150.jpg 100w\" sizes=\"(max-width: 500px) 100vw, 500px\" \/><\/p>\n<p>Futur espace bac \u00e0 plantes d\u2019int\u00e9rieur&#8230; vous verrez \u00e0 la fin \ud83d\ude42<img loading=\"lazy\" class=\"aligncenter size-full wp-image-904\" src=\"http:\/\/tom-et-ma.fr\/thehouse2\/wp-content\/uploads\/2016\/03\/P1050471.jpg\" alt=\"P1050471\" width=\"500\" height=\"750\" srcset=\"https:\/\/tom-et-ma.fr\/thehouse2\/wp-content\/uploads\/2016\/03\/P1050471.jpg 500w, https:\/\/tom-et-ma.fr\/thehouse2\/wp-content\/uploads\/2016\/03\/P1050471-200x300.jpg 200w, https:\/\/tom-et-ma.fr\/thehouse2\/wp-content\/uploads\/2016\/03\/P1050471-100x150.jpg 100w\" sizes=\"(max-width: 500px) 100vw, 500px\" \/><\/p>\n<p>&nbsp;<\/p>\n<p>Vue depuis l&rsquo;entr\u00e9e (reste \u00e0 coffrer le tuyau quand m\u00eame hein!):<img loading=\"lazy\" class=\"aligncenter size-full wp-image-908\" src=\"http:\/\/tom-et-ma.fr\/thehouse2\/wp-content\/uploads\/2016\/03\/P1050481.jpg\" alt=\"P1050481\" width=\"500\" height=\"750\" srcset=\"https:\/\/tom-et-ma.fr\/thehouse2\/wp-content\/uploads\/2016\/03\/P1050481.jpg 500w, https:\/\/tom-et-ma.fr\/thehouse2\/wp-content\/uploads\/2016\/03\/P1050481-200x300.jpg 200w, https:\/\/tom-et-ma.fr\/thehouse2\/wp-content\/uploads\/2016\/03\/P1050481-100x150.jpg 100w\" sizes=\"(max-width: 500px) 100vw, 500px\" \/><\/p>\n<p>L&#8217;emplacement du futur compteur elec:<img loading=\"lazy\" class=\"aligncenter size-full wp-image-899\" src=\"http:\/\/tom-et-ma.fr\/thehouse2\/wp-content\/uploads\/2016\/03\/P1050455.jpg\" alt=\"P1050455\" width=\"500\" height=\"750\" srcset=\"https:\/\/tom-et-ma.fr\/thehouse2\/wp-content\/uploads\/2016\/03\/P1050455.jpg 500w, https:\/\/tom-et-ma.fr\/thehouse2\/wp-content\/uploads\/2016\/03\/P1050455-200x300.jpg 200w, https:\/\/tom-et-ma.fr\/thehouse2\/wp-content\/uploads\/2016\/03\/P1050455-100x150.jpg 100w\" sizes=\"(max-width: 500px) 100vw, 500px\" \/><\/p>\n<p>La porte de notre chambre est pos\u00e9e:<img loading=\"lazy\" class=\"aligncenter size-full wp-image-900\" src=\"http:\/\/tom-et-ma.fr\/thehouse2\/wp-content\/uploads\/2016\/03\/P1050459.jpg\" alt=\"P1050459\" width=\"500\" height=\"750\" srcset=\"https:\/\/tom-et-ma.fr\/thehouse2\/wp-content\/uploads\/2016\/03\/P1050459.jpg 500w, https:\/\/tom-et-ma.fr\/thehouse2\/wp-content\/uploads\/2016\/03\/P1050459-200x300.jpg 200w, https:\/\/tom-et-ma.fr\/thehouse2\/wp-content\/uploads\/2016\/03\/P1050459-100x150.jpg 100w\" sizes=\"(max-width: 500px) 100vw, 500px\" \/><\/p>\n<p>Et Marie \u00e0 m\u00eame commenc\u00e9e \u00e0 poser de l&rsquo;isolant au sol sur lequel on va \u00ab\u00a0agrafer \u00a0\u00bb les tuyaux du plancher chauffant&#8230; Mais bon, on s&rsquo;est un peu emball\u00e9 l\u00e0, il reste pas mal de bricoles avant cette \u00e9tape&#8230;<img loading=\"lazy\" class=\"aligncenter size-full wp-image-902\" src=\"http:\/\/tom-et-ma.fr\/thehouse2\/wp-content\/uploads\/2016\/03\/P1050468.jpg\" alt=\"P1050468\" width=\"500\" height=\"750\" srcset=\"https:\/\/tom-et-ma.fr\/thehouse2\/wp-content\/uploads\/2016\/03\/P1050468.jpg 500w, https:\/\/tom-et-ma.fr\/thehouse2\/wp-content\/uploads\/2016\/03\/P1050468-200x300.jpg 200w, https:\/\/tom-et-ma.fr\/thehouse2\/wp-content\/uploads\/2016\/03\/P1050468-100x150.jpg 100w\" sizes=\"(max-width: 500px) 100vw, 500px\" \/><\/p>\n<p>&nbsp;<\/p>\n<p>Et pour finir, le stratifi\u00e9 souple Finessfloor collection Paris que l&rsquo;on a command\u00e9 en ligne avec un bon prix (sur Batiwiz)&#8230; Bon il est plus fonc\u00e9 (l\u00e9g\u00e8rement plus verd\u00e2tre) qu&rsquo;en photo donc notre avis est mitig\u00e9&#8230; Surtout qu&rsquo;il va couvrir l&rsquo;ensemble de la zone nuit&#8230; a suivre&#8230;<img loading=\"lazy\" class=\"aligncenter size-large wp-image-901\" src=\"http:\/\/tom-et-ma.fr\/thehouse2\/wp-content\/uploads\/2016\/03\/P1050463-1024x683.jpg\" alt=\"P1050463\" width=\"930\" height=\"620\" srcset=\"https:\/\/tom-et-ma.fr\/thehouse2\/wp-content\/uploads\/2016\/03\/P1050463-1024x683.jpg 1024w, https:\/\/tom-et-ma.fr\/thehouse2\/wp-content\/uploads\/2016\/03\/P1050463-300x200.jpg 300w, https:\/\/tom-et-ma.fr\/thehouse2\/wp-content\/uploads\/2016\/03\/P1050463-768x512.jpg 768w, https:\/\/tom-et-ma.fr\/thehouse2\/wp-content\/uploads\/2016\/03\/P1050463-225x150.jpg 225w, https:\/\/tom-et-ma.fr\/thehouse2\/wp-content\/uploads\/2016\/03\/P1050463-150x100.jpg 150w, https:\/\/tom-et-ma.fr\/thehouse2\/wp-content\/uploads\/2016\/03\/P1050463.jpg 1125w\" sizes=\"(max-width: 930px) 100vw, 930px\" \/><\/p>\n<p>Bonne semaine \u00e0 vous!<\/p>\n","protected":false},"excerpt":{"rendered":"<p>C&rsquo;est parti pour les cloisons en placo ! les pi\u00e8ces prennent forment et c&rsquo;est assez plaisant ! &nbsp; Ci dessous la chambre \u00ab\u00a0parentale\u00a0\u00bb le dressing&#8230; les rails de la salle d&rsquo;eau parentale : Chambre 3: Futur couloir desservant les futures chambres: &nbsp; l&rsquo;entr\u00e9e, c&rsquo;est encore un sacr\u00e9 bazar ! &nbsp; \u2026<\/p>\n<p> <a class=\"continue-reading-link\" href=\"https:\/\/tom-et-ma.fr\/thehouse2\/?p=881\">Continuer \u00e0 lire<i class=\"icon-right-dir\"><\/i><\/a><\/p>\n","protected":false},"author":1,"featured_media":915,"comment_status":"open","ping_status":"open","sticky":false,"template":"","format":"standard","meta":[],"categories":[73],"tags":[85,86,87,75,78],"_links":{"self":[{"href":"https:\/\/tom-et-ma.fr\/thehouse2\/index.php?rest_route=\/wp\/v2\/posts\/881"}],"collection":[{"href":"https:\/\/tom-et-ma.fr\/thehouse2\/index.php?rest_route=\/wp\/v2\/posts"}],"about":[{"href":"https:\/\/tom-et-ma.fr\/thehouse2\/index.php?rest_route=\/wp\/v2\/types\/post"}],"author":[{"embeddable":true,"href":"https:\/\/tom-et-ma.fr\/thehouse2\/index.php?rest_route=\/wp\/v2\/users\/1"}],"replies":[{"embeddable":true,"href":"https:\/\/tom-et-ma.fr\/thehouse2\/index.php?rest_route=%2Fwp%2Fv2%2Fcomments&post=881"}],"version-history":[{"count":7,"href":"https:\/\/tom-et-ma.fr\/thehouse2\/index.php?rest_route=\/wp\/v2\/posts\/881\/revisions"}],"predecessor-version":[{"id":1354,"href":"https:\/\/tom-et-ma.fr\/thehouse2\/index.php?rest_route=\/wp\/v2\/posts\/881\/revisions\/1354"}],"wp:featuredmedia":[{"embeddable":true,"href":"https:\/\/tom-et-ma.fr\/thehouse2\/index.php?rest_route=\/wp\/v2\/media\/915"}],"wp:attachment":[{"href":"https:\/\/tom-et-ma.fr\/thehouse2\/index.php?rest_route=%2Fwp%2Fv2%2Fmedia&parent=881"}],"wp:term":[{"taxonomy":"category","embeddable":true,"href":"https:\/\/tom-et-ma.fr\/thehouse2\/index.php?rest_route=%2Fwp%2Fv2%2Fcategories&post=881"},{"taxonomy":"post_tag","embeddable":true,"href":"https:\/\/tom-et-ma.fr\/thehouse2\/index.php?rest_route=%2Fwp%2Fv2%2Ftags&post=881"}],"curies":[{"name":"wp","href":"https:\/\/api.w.org\/{rel}","templated":true}]}}